{"id":3386,"date":"2025-10-28T17:22:16","date_gmt":"2025-10-28T15:22:16","guid":{"rendered":"https:\/\/www.mensch-und-kommunikation.de\/?p=3386"},"modified":"2025-10-28T17:22:16","modified_gmt":"2025-10-28T15:22:16","slug":"recognizing-learning-needs-before-they-become-a-problem-13","status":"publish","type":"post","link":"https:\/\/www.mensch-und-kommunikation.de\/en\/2025\/10\/28\/recognizing-learning-needs-before-they-become-a-problem-13\/","title":{"rendered":"Recognizing learning needs &#8211; before they become a problem"},"content":{"rendered":"","protected":false},"excerpt":{"rendered":"","protected":false},"author":2,"featured_media":3395,"comment_status":"closed","ping_status":"closed","sticky":false,"template":"","format":"standard","meta":{"_acf_changed":false},"categories":[80],"herausforderung-beitrag":[],"thema":[106,109],"class_list":["post-3386","post","type-post","status-publish","format-standard","has-post-thumbnail","hentry","category-blog-post","thema-leadership","thema-blanchard-en"],"acf":[],"yoast_head":"<!-- This site is optimized with the Yoast SEO Premium plugin v27.3 (Yoast SEO v27.5) - https:\/\/yoast.com\/product\/yoast-seo-premium-wordpress\/ -->\n<title>Recognizing learning needs - before they become a problem - mensch &amp; kommunikation<\/title>\n<meta name=\"description\" content=\"Identify the specific training needs in your company: Design effective measures with practical relevance, stakeholder dialog and clear learning objectives.\" \/>\n<meta name=\"robots\" content=\"index, follow, max-snippet:-1, max-image-preview:large, max-video-preview:-1\" \/>\n<link rel=\"canonical\" href=\"https:\/\/www.mensch-und-kommunikation.de\/en\/2025\/10\/28\/recognizing-learning-needs-before-they-become-a-problem-13\/\" \/>\n<meta property=\"og:locale\" content=\"en_US\" \/>\n<meta property=\"og:type\" content=\"article\" \/>\n<meta property=\"og:title\" content=\"Recognizing learning needs - before they become a problem\" \/>\n<meta property=\"og:description\" content=\"Identify the specific training needs in your company: Design effective measures with practical relevance, stakeholder dialog and clear learning objectives.\" \/>\n<meta property=\"og:url\" content=\"https:\/\/www.mensch-und-kommunikation.de\/en\/2025\/10\/28\/recognizing-learning-needs-before-they-become-a-problem-13\/\" \/>\n<meta property=\"og:site_name\" content=\"mensch &amp; kommunikation\" \/>\n<meta property=\"article:published_time\" content=\"2025-10-28T15:22:16+00:00\" \/>\n<meta property=\"og:image\" content=\"https:\/\/www.mensch-und-kommunikation.de\/wp-content\/uploads\/2025\/10\/blanchard-chouinard-books.webp\" \/>\n\t<meta property=\"og:image:width\" content=\"1000\" \/>\n\t<meta property=\"og:image:height\" content=\"1000\" \/>\n\t<meta property=\"og:image:type\" content=\"image\/webp\" \/>\n<meta name=\"author\" content=\"Stefan G\u00fcnzinger\" \/>\n<meta name=\"twitter:card\" content=\"summary_large_image\" \/>\n<meta name=\"twitter:label1\" content=\"Written by\" \/>\n\t<meta name=\"twitter:data1\" content=\"Stefan G\u00fcnzinger\" \/>\n<script type=\"application\/ld+json\" class=\"yoast-schema-graph\">{\"@context\":\"https:\\\/\\\/schema.org\",\"@graph\":[{\"@type\":\"Article\",\"@id\":\"https:\\\/\\\/www.mensch-und-kommunikation.de\\\/en\\\/2025\\\/10\\\/28\\\/recognizing-learning-needs-before-they-become-a-problem-13\\\/#article\",\"isPartOf\":{\"@id\":\"https:\\\/\\\/www.mensch-und-kommunikation.de\\\/en\\\/2025\\\/10\\\/28\\\/recognizing-learning-needs-before-they-become-a-problem-13\\\/\"},\"author\":{\"name\":\"Stefan G\u00fcnzinger\",\"@id\":\"https:\\\/\\\/www.mensch-und-kommunikation.de\\\/en\\\/#\\\/schema\\\/person\\\/f540b2d9b3aed462e56e6b3c6091ad01\"},\"headline\":\"Recognizing learning needs &#8211; before they become a problem\",\"datePublished\":\"2025-10-28T15:22:16+00:00\",\"mainEntityOfPage\":{\"@id\":\"https:\\\/\\\/www.mensch-und-kommunikation.de\\\/en\\\/2025\\\/10\\\/28\\\/recognizing-learning-needs-before-they-become-a-problem-13\\\/\"},\"wordCount\":9,\"publisher\":{\"@id\":\"https:\\\/\\\/www.mensch-und-kommunikation.de\\\/en\\\/#organization\"},\"image\":{\"@id\":\"https:\\\/\\\/www.mensch-und-kommunikation.de\\\/en\\\/2025\\\/10\\\/28\\\/recognizing-learning-needs-before-they-become-a-problem-13\\\/#primaryimage\"},\"thumbnailUrl\":\"https:\\\/\\\/www.mensch-und-kommunikation.de\\\/wp-content\\\/uploads\\\/2025\\\/10\\\/blanchard-chouinard-books.webp\",\"articleSection\":[\"Blog Post\"],\"inLanguage\":\"en-US\"},{\"@type\":\"WebPage\",\"@id\":\"https:\\\/\\\/www.mensch-und-kommunikation.de\\\/en\\\/2025\\\/10\\\/28\\\/recognizing-learning-needs-before-they-become-a-problem-13\\\/\",\"url\":\"https:\\\/\\\/www.mensch-und-kommunikation.de\\\/en\\\/2025\\\/10\\\/28\\\/recognizing-learning-needs-before-they-become-a-problem-13\\\/\",\"name\":\"Recognizing learning needs - before they become a problem - mensch &amp; kommunikation\",\"isPartOf\":{\"@id\":\"https:\\\/\\\/www.mensch-und-kommunikation.de\\\/en\\\/#website\"},\"primaryImageOfPage\":{\"@id\":\"https:\\\/\\\/www.mensch-und-kommunikation.de\\\/en\\\/2025\\\/10\\\/28\\\/recognizing-learning-needs-before-they-become-a-problem-13\\\/#primaryimage\"},\"image\":{\"@id\":\"https:\\\/\\\/www.mensch-und-kommunikation.de\\\/en\\\/2025\\\/10\\\/28\\\/recognizing-learning-needs-before-they-become-a-problem-13\\\/#primaryimage\"},\"thumbnailUrl\":\"https:\\\/\\\/www.mensch-und-kommunikation.de\\\/wp-content\\\/uploads\\\/2025\\\/10\\\/blanchard-chouinard-books.webp\",\"datePublished\":\"2025-10-28T15:22:16+00:00\",\"description\":\"Identify the specific training needs in your company: Design effective measures with practical relevance, stakeholder dialog and clear learning objectives.\",\"breadcrumb\":{\"@id\":\"https:\\\/\\\/www.mensch-und-kommunikation.de\\\/en\\\/2025\\\/10\\\/28\\\/recognizing-learning-needs-before-they-become-a-problem-13\\\/#breadcrumb\"},\"inLanguage\":\"en-US\",\"potentialAction\":[{\"@type\":\"ReadAction\",\"target\":[\"https:\\\/\\\/www.mensch-und-kommunikation.de\\\/en\\\/2025\\\/10\\\/28\\\/recognizing-learning-needs-before-they-become-a-problem-13\\\/\"]}]},{\"@type\":\"ImageObject\",\"inLanguage\":\"en-US\",\"@id\":\"https:\\\/\\\/www.mensch-und-kommunikation.de\\\/en\\\/2025\\\/10\\\/28\\\/recognizing-learning-needs-before-they-become-a-problem-13\\\/#primaryimage\",\"url\":\"https:\\\/\\\/www.mensch-und-kommunikation.de\\\/wp-content\\\/uploads\\\/2025\\\/10\\\/blanchard-chouinard-books.webp\",\"contentUrl\":\"https:\\\/\\\/www.mensch-und-kommunikation.de\\\/wp-content\\\/uploads\\\/2025\\\/10\\\/blanchard-chouinard-books.webp\",\"width\":1000,\"height\":1000,\"caption\":\"Zwei in einer Bibliothek ausgestellte Buchumschl\u00e4ge. Das linke Cover, Catch People Doing Things Right von Martha C. Lawrence, zeigt einen l\u00e4chelnden \u00e4lteren Mann, und das rechte, Dirtbag Billionaire von David Gelles - perfekt f\u00fcr alle, die F\u00fchrung mit Haltung lernen wollen.\"},{\"@type\":\"BreadcrumbList\",\"@id\":\"https:\\\/\\\/www.mensch-und-kommunikation.de\\\/en\\\/2025\\\/10\\\/28\\\/recognizing-learning-needs-before-they-become-a-problem-13\\\/#breadcrumb\",\"itemListElement\":[{\"@type\":\"ListItem\",\"position\":1,\"name\":\"Home\",\"item\":\"https:\\\/\\\/www.mensch-und-kommunikation.de\\\/en\\\/\"},{\"@type\":\"ListItem\",\"position\":2,\"name\":\"Recognizing learning needs &#8211; before they become a problem\"}]},{\"@type\":\"WebSite\",\"@id\":\"https:\\\/\\\/www.mensch-und-kommunikation.de\\\/en\\\/#website\",\"url\":\"https:\\\/\\\/www.mensch-und-kommunikation.de\\\/en\\\/\",\"name\":\"mensch & kommunikation\",\"description\":\"learn. develop. grow.\",\"publisher\":{\"@id\":\"https:\\\/\\\/www.mensch-und-kommunikation.de\\\/en\\\/#organization\"},\"alternateName\":\"m&k\",\"potentialAction\":[{\"@type\":\"SearchAction\",\"target\":{\"@type\":\"EntryPoint\",\"urlTemplate\":\"https:\\\/\\\/www.mensch-und-kommunikation.de\\\/en\\\/?s={search_term_string}\"},\"query-input\":{\"@type\":\"PropertyValueSpecification\",\"valueRequired\":true,\"valueName\":\"search_term_string\"}}],\"inLanguage\":\"en-US\"},{\"@type\":\"Organization\",\"@id\":\"https:\\\/\\\/www.mensch-und-kommunikation.de\\\/en\\\/#organization\",\"name\":\"mensch & kommunikation GmbH\",\"url\":\"https:\\\/\\\/www.mensch-und-kommunikation.de\\\/en\\\/\",\"logo\":{\"@type\":\"ImageObject\",\"inLanguage\":\"en-US\",\"@id\":\"https:\\\/\\\/www.mensch-und-kommunikation.de\\\/en\\\/#\\\/schema\\\/logo\\\/image\\\/\",\"url\":\"https:\\\/\\\/www.mensch-und-kommunikation.de\\\/wp-content\\\/uploads\\\/2025\\\/05\\\/Logo-mk-Claim-2023-RGB-1000px-Kopie.jpg\",\"contentUrl\":\"https:\\\/\\\/www.mensch-und-kommunikation.de\\\/wp-content\\\/uploads\\\/2025\\\/05\\\/Logo-mk-Claim-2023-RGB-1000px-Kopie.jpg\",\"width\":1000,\"height\":521,\"caption\":\"mensch & kommunikation GmbH\"},\"image\":{\"@id\":\"https:\\\/\\\/www.mensch-und-kommunikation.de\\\/en\\\/#\\\/schema\\\/logo\\\/image\\\/\"},\"sameAs\":[\"https:\\\/\\\/www.linkedin.com\\\/company\\\/mensch-kommunikation-gmbh\"],\"description\":\"Die mensch & kommunikation GmbH ist ein seit 2011 etablierter Anbieter von Kommunikationtrainings und F\u00fchrungstrainings mit dem Fokus auf mittlere und gro\u00dfe Organisationen und Unternehmen. Wir sind als Blanchard Global Partner zertifiziert\",\"email\":\"info@menschundkommunikation.de\",\"telephone\":\"+49 89 41 61 37 800\",\"legalName\":\"mensch & kommunikation GmbH\",\"foundingDate\":\"2011-01-02\",\"vatID\":\"DE275433591\",\"duns\":\"341895701\",\"leiCode\":\"9845004FF1F8DC08B449\",\"numberOfEmployees\":{\"@type\":\"QuantitativeValue\",\"minValue\":\"1\",\"maxValue\":\"10\"}},{\"@type\":\"Person\",\"@id\":\"https:\\\/\\\/www.mensch-und-kommunikation.de\\\/en\\\/#\\\/schema\\\/person\\\/f540b2d9b3aed462e56e6b3c6091ad01\",\"name\":\"Stefan G\u00fcnzinger\",\"image\":{\"@type\":\"ImageObject\",\"inLanguage\":\"en-US\",\"@id\":\"https:\\\/\\\/secure.gravatar.com\\\/avatar\\\/3b82dd4471cfa90f790181f1d645d89965b9c93131390ff5f2e0ad8342091ab4?s=96&d=mm&r=g\",\"url\":\"https:\\\/\\\/secure.gravatar.com\\\/avatar\\\/3b82dd4471cfa90f790181f1d645d89965b9c93131390ff5f2e0ad8342091ab4?s=96&d=mm&r=g\",\"contentUrl\":\"https:\\\/\\\/secure.gravatar.com\\\/avatar\\\/3b82dd4471cfa90f790181f1d645d89965b9c93131390ff5f2e0ad8342091ab4?s=96&d=mm&r=g\",\"caption\":\"Stefan G\u00fcnzinger\"}}]}<\/script>\n<!-- \/ Yoast SEO Premium plugin. -->","yoast_head_json":{"title":"Recognizing learning needs - before they become a problem - mensch &amp; kommunikation","description":"Identify the specific training needs in your company: Design effective measures with practical relevance, stakeholder dialog and clear learning objectives.","robots":{"index":"index","follow":"follow","max-snippet":"max-snippet:-1","max-image-preview":"max-image-preview:large","max-video-preview":"max-video-preview:-1"},"canonical":"https:\/\/www.mensch-und-kommunikation.de\/en\/2025\/10\/28\/recognizing-learning-needs-before-they-become-a-problem-13\/","og_locale":"en_US","og_type":"article","og_title":"Recognizing learning needs - before they become a problem","og_description":"Identify the specific training needs in your company: Design effective measures with practical relevance, stakeholder dialog and clear learning objectives.","og_url":"https:\/\/www.mensch-und-kommunikation.de\/en\/2025\/10\/28\/recognizing-learning-needs-before-they-become-a-problem-13\/","og_site_name":"mensch &amp; kommunikation","article_published_time":"2025-10-28T15:22:16+00:00","og_image":[{"width":1000,"height":1000,"url":"https:\/\/www.mensch-und-kommunikation.de\/wp-content\/uploads\/2025\/10\/blanchard-chouinard-books.webp","type":"image\/webp"}],"author":"Stefan G\u00fcnzinger","twitter_card":"summary_large_image","twitter_misc":{"Written by":"Stefan G\u00fcnzinger"},"schema":{"@context":"https:\/\/schema.org","@graph":[{"@type":"Article","@id":"https:\/\/www.mensch-und-kommunikation.de\/en\/2025\/10\/28\/recognizing-learning-needs-before-they-become-a-problem-13\/#article","isPartOf":{"@id":"https:\/\/www.mensch-und-kommunikation.de\/en\/2025\/10\/28\/recognizing-learning-needs-before-they-become-a-problem-13\/"},"author":{"name":"Stefan G\u00fcnzinger","@id":"https:\/\/www.mensch-und-kommunikation.de\/en\/#\/schema\/person\/f540b2d9b3aed462e56e6b3c6091ad01"},"headline":"Recognizing learning needs &#8211; before they become a problem","datePublished":"2025-10-28T15:22:16+00:00","mainEntityOfPage":{"@id":"https:\/\/www.mensch-und-kommunikation.de\/en\/2025\/10\/28\/recognizing-learning-needs-before-they-become-a-problem-13\/"},"wordCount":9,"publisher":{"@id":"https:\/\/www.mensch-und-kommunikation.de\/en\/#organization"},"image":{"@id":"https:\/\/www.mensch-und-kommunikation.de\/en\/2025\/10\/28\/recognizing-learning-needs-before-they-become-a-problem-13\/#primaryimage"},"thumbnailUrl":"https:\/\/www.mensch-und-kommunikation.de\/wp-content\/uploads\/2025\/10\/blanchard-chouinard-books.webp","articleSection":["Blog Post"],"inLanguage":"en-US"},{"@type":"WebPage","@id":"https:\/\/www.mensch-und-kommunikation.de\/en\/2025\/10\/28\/recognizing-learning-needs-before-they-become-a-problem-13\/","url":"https:\/\/www.mensch-und-kommunikation.de\/en\/2025\/10\/28\/recognizing-learning-needs-before-they-become-a-problem-13\/","name":"Recognizing learning needs - before they become a problem - mensch &amp; kommunikation","isPartOf":{"@id":"https:\/\/www.mensch-und-kommunikation.de\/en\/#website"},"primaryImageOfPage":{"@id":"https:\/\/www.mensch-und-kommunikation.de\/en\/2025\/10\/28\/recognizing-learning-needs-before-they-become-a-problem-13\/#primaryimage"},"image":{"@id":"https:\/\/www.mensch-und-kommunikation.de\/en\/2025\/10\/28\/recognizing-learning-needs-before-they-become-a-problem-13\/#primaryimage"},"thumbnailUrl":"https:\/\/www.mensch-und-kommunikation.de\/wp-content\/uploads\/2025\/10\/blanchard-chouinard-books.webp","datePublished":"2025-10-28T15:22:16+00:00","description":"Identify the specific training needs in your company: Design effective measures with practical relevance, stakeholder dialog and clear learning objectives.","breadcrumb":{"@id":"https:\/\/www.mensch-und-kommunikation.de\/en\/2025\/10\/28\/recognizing-learning-needs-before-they-become-a-problem-13\/#breadcrumb"},"inLanguage":"en-US","potentialAction":[{"@type":"ReadAction","target":["https:\/\/www.mensch-und-kommunikation.de\/en\/2025\/10\/28\/recognizing-learning-needs-before-they-become-a-problem-13\/"]}]},{"@type":"ImageObject","inLanguage":"en-US","@id":"https:\/\/www.mensch-und-kommunikation.de\/en\/2025\/10\/28\/recognizing-learning-needs-before-they-become-a-problem-13\/#primaryimage","url":"https:\/\/www.mensch-und-kommunikation.de\/wp-content\/uploads\/2025\/10\/blanchard-chouinard-books.webp","contentUrl":"https:\/\/www.mensch-und-kommunikation.de\/wp-content\/uploads\/2025\/10\/blanchard-chouinard-books.webp","width":1000,"height":1000,"caption":"Zwei in einer Bibliothek ausgestellte Buchumschl\u00e4ge. Das linke Cover, Catch People Doing Things Right von Martha C. Lawrence, zeigt einen l\u00e4chelnden \u00e4lteren Mann, und das rechte, Dirtbag Billionaire von David Gelles - perfekt f\u00fcr alle, die F\u00fchrung mit Haltung lernen wollen."},{"@type":"BreadcrumbList","@id":"https:\/\/www.mensch-und-kommunikation.de\/en\/2025\/10\/28\/recognizing-learning-needs-before-they-become-a-problem-13\/#breadcrumb","itemListElement":[{"@type":"ListItem","position":1,"name":"Home","item":"https:\/\/www.mensch-und-kommunikation.de\/en\/"},{"@type":"ListItem","position":2,"name":"Recognizing learning needs &#8211; before they become a problem"}]},{"@type":"WebSite","@id":"https:\/\/www.mensch-und-kommunikation.de\/en\/#website","url":"https:\/\/www.mensch-und-kommunikation.de\/en\/","name":"mensch & kommunikation","description":"learn. develop. grow.","publisher":{"@id":"https:\/\/www.mensch-und-kommunikation.de\/en\/#organization"},"alternateName":"m&k","potentialAction":[{"@type":"SearchAction","target":{"@type":"EntryPoint","urlTemplate":"https:\/\/www.mensch-und-kommunikation.de\/en\/?s={search_term_string}"},"query-input":{"@type":"PropertyValueSpecification","valueRequired":true,"valueName":"search_term_string"}}],"inLanguage":"en-US"},{"@type":"Organization","@id":"https:\/\/www.mensch-und-kommunikation.de\/en\/#organization","name":"mensch & kommunikation GmbH","url":"https:\/\/www.mensch-und-kommunikation.de\/en\/","logo":{"@type":"ImageObject","inLanguage":"en-US","@id":"https:\/\/www.mensch-und-kommunikation.de\/en\/#\/schema\/logo\/image\/","url":"https:\/\/www.mensch-und-kommunikation.de\/wp-content\/uploads\/2025\/05\/Logo-mk-Claim-2023-RGB-1000px-Kopie.jpg","contentUrl":"https:\/\/www.mensch-und-kommunikation.de\/wp-content\/uploads\/2025\/05\/Logo-mk-Claim-2023-RGB-1000px-Kopie.jpg","width":1000,"height":521,"caption":"mensch & kommunikation GmbH"},"image":{"@id":"https:\/\/www.mensch-und-kommunikation.de\/en\/#\/schema\/logo\/image\/"},"sameAs":["https:\/\/www.linkedin.com\/company\/mensch-kommunikation-gmbh"],"description":"Die mensch & kommunikation GmbH ist ein seit 2011 etablierter Anbieter von Kommunikationtrainings und F\u00fchrungstrainings mit dem Fokus auf mittlere und gro\u00dfe Organisationen und Unternehmen. Wir sind als Blanchard Global Partner zertifiziert","email":"info@menschundkommunikation.de","telephone":"+49 89 41 61 37 800","legalName":"mensch & kommunikation GmbH","foundingDate":"2011-01-02","vatID":"DE275433591","duns":"341895701","leiCode":"9845004FF1F8DC08B449","numberOfEmployees":{"@type":"QuantitativeValue","minValue":"1","maxValue":"10"}},{"@type":"Person","@id":"https:\/\/www.mensch-und-kommunikation.de\/en\/#\/schema\/person\/f540b2d9b3aed462e56e6b3c6091ad01","name":"Stefan G\u00fcnzinger","image":{"@type":"ImageObject","inLanguage":"en-US","@id":"https:\/\/secure.gravatar.com\/avatar\/3b82dd4471cfa90f790181f1d645d89965b9c93131390ff5f2e0ad8342091ab4?s=96&d=mm&r=g","url":"https:\/\/secure.gravatar.com\/avatar\/3b82dd4471cfa90f790181f1d645d89965b9c93131390ff5f2e0ad8342091ab4?s=96&d=mm&r=g","contentUrl":"https:\/\/secure.gravatar.com\/avatar\/3b82dd4471cfa90f790181f1d645d89965b9c93131390ff5f2e0ad8342091ab4?s=96&d=mm&r=g","caption":"Stefan G\u00fcnzinger"}}]}},"_links":{"self":[{"href":"https:\/\/www.mensch-und-kommunikation.de\/en\/wp-json\/wp\/v2\/posts\/3386","targetHints":{"allow":["GET"]}}],"collection":[{"href":"https:\/\/www.mensch-und-kommunikation.de\/en\/wp-json\/wp\/v2\/posts"}],"about":[{"href":"https:\/\/www.mensch-und-kommunikation.de\/en\/wp-json\/wp\/v2\/types\/post"}],"author":[{"embeddable":true,"href":"https:\/\/www.mensch-und-kommunikation.de\/en\/wp-json\/wp\/v2\/users\/2"}],"replies":[{"embeddable":true,"href":"https:\/\/www.mensch-und-kommunikation.de\/en\/wp-json\/wp\/v2\/comments?post=3386"}],"version-history":[{"count":1,"href":"https:\/\/www.mensch-und-kommunikation.de\/en\/wp-json\/wp\/v2\/posts\/3386\/revisions"}],"predecessor-version":[{"id":3399,"href":"https:\/\/www.mensch-und-kommunikation.de\/en\/wp-json\/wp\/v2\/posts\/3386\/revisions\/3399"}],"wp:featuredmedia":[{"embeddable":true,"href":"https:\/\/www.mensch-und-kommunikation.de\/en\/wp-json\/wp\/v2\/media\/3395"}],"wp:attachment":[{"href":"https:\/\/www.mensch-und-kommunikation.de\/en\/wp-json\/wp\/v2\/media?parent=3386"}],"wp:term":[{"taxonomy":"category","embeddable":true,"href":"https:\/\/www.mensch-und-kommunikation.de\/en\/wp-json\/wp\/v2\/categories?post=3386"},{"taxonomy":"herausforderung-beitrag","embeddable":true,"href":"https:\/\/www.mensch-und-kommunikation.de\/en\/wp-json\/wp\/v2\/herausforderung-beitrag?post=3386"},{"taxonomy":"thema","embeddable":true,"href":"https:\/\/www.mensch-und-kommunikation.de\/en\/wp-json\/wp\/v2\/thema?post=3386"}],"curies":[{"name":"wp","href":"https:\/\/api.w.org\/{rel}","templated":true}]}}